{"id":27150,"date":"2024-07-06T07:55:49","date_gmt":"2024-07-06T04:55:49","guid":{"rendered":"https:\/\/birgitta.me\/WordPress3\/?p=27150"},"modified":"2024-07-06T07:55:50","modified_gmt":"2024-07-06T04:55:50","slug":"joka-paiva-nalka","status":"publish","type":"post","link":"https:\/\/birgitta.me\/WordPress3\/joka-paiva-nalka\/","title":{"rendered":"Joka p\u00e4iv\u00e4 n\u00e4lk\u00e4"},"content":{"rendered":"\n<figure class=\"wp-block-image size-large\"><img loading=\"lazy\" decoding=\"async\" width=\"1024\" height=\"768\" src=\"https:\/\/birgitta.me\/WordPress3\/wp-content\/uploads\/2024\/07\/DSC03298-1024x768.jpg\" alt=\"\" class=\"wp-image-27148\" srcset=\"https:\/\/birgitta.me\/WordPress3\/wp-content\/uploads\/2024\/07\/DSC03298-1024x768.jpg 1024w, https:\/\/birgitta.me\/WordPress3\/wp-content\/uploads\/2024\/07\/DSC03298-300x225.jpg 300w, https:\/\/birgitta.me\/WordPress3\/wp-content\/uploads\/2024\/07\/DSC03298-768x576.jpg 768w, https:\/\/birgitta.me\/WordPress3\/wp-content\/uploads\/2024\/07\/DSC03298.jpg 1280w\" sizes=\"auto, (max-width: 1024px) 100vw, 1024px\" \/><\/figure>\n\n\n\n<p>Oskari ker\u00e4si liput pois saloista, se on merkki. Sanoi ett\u00e4 myrsky tulossa.<\/p>\n\n\n\n<figure class=\"wp-block-image size-large\"><img loading=\"lazy\" decoding=\"async\" width=\"1024\" height=\"555\" src=\"https:\/\/birgitta.me\/WordPress3\/wp-content\/uploads\/2024\/07\/Screenshot-2024-07-05-at-18-46-01-Windy-Valikko-1024x555.png\" alt=\"\" class=\"wp-image-27141\" srcset=\"https:\/\/birgitta.me\/WordPress3\/wp-content\/uploads\/2024\/07\/Screenshot-2024-07-05-at-18-46-01-Windy-Valikko-1024x555.png 1024w, https:\/\/birgitta.me\/WordPress3\/wp-content\/uploads\/2024\/07\/Screenshot-2024-07-05-at-18-46-01-Windy-Valikko-300x163.png 300w, https:\/\/birgitta.me\/WordPress3\/wp-content\/uploads\/2024\/07\/Screenshot-2024-07-05-at-18-46-01-Windy-Valikko-768x416.png 768w, https:\/\/birgitta.me\/WordPress3\/wp-content\/uploads\/2024\/07\/Screenshot-2024-07-05-at-18-46-01-Windy-Valikko.png 1400w\" sizes=\"auto, (max-width: 1024px) 100vw, 1024px\" \/><\/figure>\n\n\n\n<p>No ei kuitenkaan sit\u00e4 merimiesten myrsky\u00e4. Jos ennustus n\u00e4ytt\u00e4\u00e4 puuskissa 17m se ei ole myrsky.<\/p>\n\n\n\n<figure class=\"wp-block-image size-full\"><img loading=\"lazy\" decoding=\"async\" width=\"985\" height=\"155\" src=\"https:\/\/birgitta.me\/WordPress3\/wp-content\/uploads\/2024\/07\/Screenshot-2024-07-06-at-07-40-01-Mereilmateade-Keskkonnaagentuur-ILM.png\" alt=\"\" class=\"wp-image-27151\" srcset=\"https:\/\/birgitta.me\/WordPress3\/wp-content\/uploads\/2024\/07\/Screenshot-2024-07-06-at-07-40-01-Mereilmateade-Keskkonnaagentuur-ILM.png 985w, https:\/\/birgitta.me\/WordPress3\/wp-content\/uploads\/2024\/07\/Screenshot-2024-07-06-at-07-40-01-Mereilmateade-Keskkonnaagentuur-ILM-300x47.png 300w, https:\/\/birgitta.me\/WordPress3\/wp-content\/uploads\/2024\/07\/Screenshot-2024-07-06-at-07-40-01-Mereilmateade-Keskkonnaagentuur-ILM-768x121.png 768w\" sizes=\"auto, (max-width: 985px) 100vw, 985px\" \/><\/figure>\n\n\n\n<p>Uhkaus on ett\u00e4 9-13 metri\u00e4 sekunnissa keskituulet, kaukana myrskyst\u00e4. Sellaista kutsutaan navakaksi tuuleksi. Ei edes kovaksi tuuleksi. Siis virallisesti.<\/p>\n\n\n\n<figure class=\"wp-block-image size-large\"><img loading=\"lazy\" decoding=\"async\" width=\"1024\" height=\"768\" src=\"https:\/\/birgitta.me\/WordPress3\/wp-content\/uploads\/2024\/07\/DSC03292-1024x768.jpg\" alt=\"\" class=\"wp-image-27142\" srcset=\"https:\/\/birgitta.me\/WordPress3\/wp-content\/uploads\/2024\/07\/DSC03292-1024x768.jpg 1024w, https:\/\/birgitta.me\/WordPress3\/wp-content\/uploads\/2024\/07\/DSC03292-300x225.jpg 300w, https:\/\/birgitta.me\/WordPress3\/wp-content\/uploads\/2024\/07\/DSC03292-768x576.jpg 768w, https:\/\/birgitta.me\/WordPress3\/wp-content\/uploads\/2024\/07\/DSC03292.jpg 1280w\" sizes=\"auto, (max-width: 1024px) 100vw, 1024px\" \/><\/figure>\n\n\n\n<p>Kumma kun sit\u00e4 ei osaa edellisp\u00e4iv\u00e4n\u00e4 varautua ett\u00e4 aamulla on n\u00e4lk\u00e4. L\u00e4ksin kauppaan ostoksille. Noita hillomunkkeja ja donitseja ja muita makeita on aamulla kaupan auetessa valmiina. T\u00e4ll\u00e4 kertaa oli sent\u00e4\u00e4n n\u00e4it\u00e4 gruusian s\u00e4mpyl\u00f6it\u00e4. Muut patongit ja s\u00e4mpyl\u00e4t tulevat sitten joskus kymmenen maissa ja niit\u00e4 tulee vain muutamia kappaleita. Loppuvat heti kohta kun tulevat. <\/p>\n\n\n\n<figure class=\"wp-block-image size-large\"><img loading=\"lazy\" decoding=\"async\" width=\"1024\" height=\"768\" src=\"https:\/\/birgitta.me\/WordPress3\/wp-content\/uploads\/2024\/07\/DSC03294-1024x768.jpg\" alt=\"\" class=\"wp-image-27144\" srcset=\"https:\/\/birgitta.me\/WordPress3\/wp-content\/uploads\/2024\/07\/DSC03294-1024x768.jpg 1024w, https:\/\/birgitta.me\/WordPress3\/wp-content\/uploads\/2024\/07\/DSC03294-300x225.jpg 300w, https:\/\/birgitta.me\/WordPress3\/wp-content\/uploads\/2024\/07\/DSC03294-768x576.jpg 768w, https:\/\/birgitta.me\/WordPress3\/wp-content\/uploads\/2024\/07\/DSC03294.jpg 1280w\" sizes=\"auto, (max-width: 1024px) 100vw, 1024px\" \/><\/figure>\n\n\n\n<p>Kysyin kerran ett\u00e4 miksi ne tulevat viimeiseksi ja miksi niit\u00e4 on niin v\u00e4h\u00e4n ett\u00e4 heti loppuvat? Kuulemma heille on ylemp\u00e4\u00e4 jostain johtoportaasta annettu sellaiset ohjeet. <\/p>\n\n\n\n<figure class=\"wp-block-image size-large\"><img loading=\"lazy\" decoding=\"async\" width=\"1024\" height=\"768\" src=\"https:\/\/birgitta.me\/WordPress3\/wp-content\/uploads\/2024\/07\/DSC03295-1024x768.jpg\" alt=\"\" class=\"wp-image-27145\" srcset=\"https:\/\/birgitta.me\/WordPress3\/wp-content\/uploads\/2024\/07\/DSC03295-1024x768.jpg 1024w, https:\/\/birgitta.me\/WordPress3\/wp-content\/uploads\/2024\/07\/DSC03295-300x225.jpg 300w, https:\/\/birgitta.me\/WordPress3\/wp-content\/uploads\/2024\/07\/DSC03295-768x576.jpg 768w, https:\/\/birgitta.me\/WordPress3\/wp-content\/uploads\/2024\/07\/DSC03295.jpg 1280w\" sizes=\"auto, (max-width: 1024px) 100vw, 1024px\" \/><\/figure>\n\n\n\n<p>Nuo gruusian s\u00e4mpyl\u00e4t on maailman hyv\u00e4t. T\u00e4ytyykin katsoa onko syksyksi halpoja lentoja sinnep\u00e4in.<\/p>\n\n\n\n<figure class=\"wp-block-image size-large\"><img loading=\"lazy\" decoding=\"async\" width=\"1024\" height=\"768\" src=\"https:\/\/birgitta.me\/WordPress3\/wp-content\/uploads\/2024\/07\/DSC03297-1024x768.jpg\" alt=\"\" class=\"wp-image-27147\" srcset=\"https:\/\/birgitta.me\/WordPress3\/wp-content\/uploads\/2024\/07\/DSC03297-1024x768.jpg 1024w, https:\/\/birgitta.me\/WordPress3\/wp-content\/uploads\/2024\/07\/DSC03297-300x225.jpg 300w, https:\/\/birgitta.me\/WordPress3\/wp-content\/uploads\/2024\/07\/DSC03297-768x576.jpg 768w, https:\/\/birgitta.me\/WordPress3\/wp-content\/uploads\/2024\/07\/DSC03297.jpg 1280w\" sizes=\"auto, (max-width: 1024px) 100vw, 1024px\" \/><\/figure>\n\n\n\n<p>Turistit kyselev\u00e4t minulta ett\u00e4 miss\u00e4 kannattaa k\u00e4yd\u00e4 sy\u00f6m\u00e4ss\u00e4. Olen ohjannut ne tuohon satamaravintolaan. Siell\u00e4 saa sellaisia taiteellisen n\u00e4k\u00f6isi\u00e4 annoksia joita voi istuksia viltti jalkojen p\u00e4\u00e4ll\u00e4 ja puhella kauniita. Min\u00e4 itse k\u00e4yn tuolla P\u00e4evakas ruokalassa. Siell\u00e4 minulle iskettiin t\u00e4ll\u00e4kertaa tuollaista jauheliha-makarooni ruokaa, p\u00e4\u00e4llle valkoista kastiketta ja ketsuppia ja paria salaattia. Ai ett\u00e4 oli hyv\u00e4\u00e4. En min\u00e4 niit\u00e4 turisteja kehtaa t\u00e4nne ohjata, ei ne ymm\u00e4rr\u00e4 hyv\u00e4n ruoan p\u00e4\u00e4lle.<\/p>\n\n\n\n<figure class=\"wp-block-image size-large\"><img loading=\"lazy\" decoding=\"async\" width=\"1024\" height=\"768\" src=\"https:\/\/birgitta.me\/WordPress3\/wp-content\/uploads\/2024\/07\/DSC03299-1024x768.jpg\" alt=\"\" class=\"wp-image-27149\" srcset=\"https:\/\/birgitta.me\/WordPress3\/wp-content\/uploads\/2024\/07\/DSC03299-1024x768.jpg 1024w, https:\/\/birgitta.me\/WordPress3\/wp-content\/uploads\/2024\/07\/DSC03299-300x225.jpg 300w, https:\/\/birgitta.me\/WordPress3\/wp-content\/uploads\/2024\/07\/DSC03299-768x576.jpg 768w, https:\/\/birgitta.me\/WordPress3\/wp-content\/uploads\/2024\/07\/DSC03299.jpg 1280w\" sizes=\"auto, (max-width: 1024px) 100vw, 1024px\" \/><\/figure>\n\n\n\n<p>Illalla n\u00e4ytt\u00e4\u00e4 ett\u00e4 voi sit\u00e4 v\u00e4h\u00e4n vett\u00e4kin tulla&#8230;.<\/p>\n","protected":false},"excerpt":{"rendered":"<p>Oskari ker\u00e4si liput pois saloista, se on merkki. Sanoi ett\u00e4 myrsky tulossa. No ei kuitenkaan sit\u00e4 merimiesten myrsky\u00e4. Jos ennustus n\u00e4ytt\u00e4\u00e4 puuskissa 17m se ei ole myrsky. Uhkaus on ett\u00e4 9-13 metri\u00e4 sekunnissa keskituulet, kaukana myrskyst\u00e4. Sellaista kutsutaan navakaksi tuuleksi. &hellip; <a href=\"https:\/\/birgitta.me\/WordPress3\/joka-paiva-nalka\/\">Lue loppuun <span class=\"meta-nav\">&rarr;<\/span><\/a><\/p>\n","protected":false},"author":2,"featured_media":0,"comment_status":"closed","ping_status":"closed","sticky":false,"template":"","format":"standard","meta":{"footnotes":""},"categories":[1],"tags":[],"class_list":["post-27150","post","type-post","status-publish","format-standard","hentry","category-uncategorized"],"_links":{"self":[{"href":"https:\/\/birgitta.me\/WordPress3\/wp-json\/wp\/v2\/posts\/27150","targetHints":{"allow":["GET"]}}],"collection":[{"href":"https:\/\/birgitta.me\/WordPress3\/wp-json\/wp\/v2\/posts"}],"about":[{"href":"https:\/\/birgitta.me\/WordPress3\/wp-json\/wp\/v2\/types\/post"}],"author":[{"embeddable":true,"href":"https:\/\/birgitta.me\/WordPress3\/wp-json\/wp\/v2\/users\/2"}],"replies":[{"embeddable":true,"href":"https:\/\/birgitta.me\/WordPress3\/wp-json\/wp\/v2\/comments?post=27150"}],"version-history":[{"count":1,"href":"https:\/\/birgitta.me\/WordPress3\/wp-json\/wp\/v2\/posts\/27150\/revisions"}],"predecessor-version":[{"id":27152,"href":"https:\/\/birgitta.me\/WordPress3\/wp-json\/wp\/v2\/posts\/27150\/revisions\/27152"}],"wp:attachment":[{"href":"https:\/\/birgitta.me\/WordPress3\/wp-json\/wp\/v2\/media?parent=27150"}],"wp:term":[{"taxonomy":"category","embeddable":true,"href":"https:\/\/birgitta.me\/WordPress3\/wp-json\/wp\/v2\/categories?post=27150"},{"taxonomy":"post_tag","embeddable":true,"href":"https:\/\/birgitta.me\/WordPress3\/wp-json\/wp\/v2\/tags?post=27150"}],"curies":[{"name":"wp","href":"https:\/\/api.w.org\/{rel}","templated":true}]}}