{"id":24327,"date":"2023-05-01T01:27:00","date_gmt":"2023-04-30T22:27:00","guid":{"rendered":"https:\/\/birgitta.me\/WordPress3\/?p=24327"},"modified":"2023-04-30T20:38:32","modified_gmt":"2023-04-30T17:38:32","slug":"nyt-saa-vappu-menna","status":"publish","type":"post","link":"https:\/\/birgitta.me\/WordPress3\/nyt-saa-vappu-menna\/","title":{"rendered":"Nyt saa vappu menn\u00e4"},"content":{"rendered":"\n<p>Vett\u00e4 sateli ja tuuli rivakasti Tallinnan matalalla n\u00e4ytti tuulia 16m\/s. Ei huvittanut l\u00e4hte\u00e4 veneilem\u00e4\u00e4n.<\/p>\n\n\n\n<figure class=\"wp-block-image size-large\"><img loading=\"lazy\" decoding=\"async\" width=\"1024\" height=\"768\" src=\"https:\/\/birgitta.me\/WordPress3\/wp-content\/uploads\/2023\/04\/IMG_1490-1024x768.jpg\" alt=\"\" class=\"wp-image-24328\" srcset=\"https:\/\/birgitta.me\/WordPress3\/wp-content\/uploads\/2023\/04\/IMG_1490-1024x768.jpg 1024w, https:\/\/birgitta.me\/WordPress3\/wp-content\/uploads\/2023\/04\/IMG_1490-300x225.jpg 300w, https:\/\/birgitta.me\/WordPress3\/wp-content\/uploads\/2023\/04\/IMG_1490-768x576.jpg 768w, https:\/\/birgitta.me\/WordPress3\/wp-content\/uploads\/2023\/04\/IMG_1490-1536x1152.jpg 1536w, https:\/\/birgitta.me\/WordPress3\/wp-content\/uploads\/2023\/04\/IMG_1490-2048x1536.jpg 2048w\" sizes=\"auto, (max-width: 1024px) 100vw, 1024px\" \/><\/figure>\n\n\n\n<p>Joten k\u00e4vin v\u00e4h\u00e4n k\u00e4velem\u00e4ss\u00e4, tiet\u00e4my\u00f6ten mutkien taakse.<\/p>\n\n\n\n<figure class=\"wp-block-image size-large\"><img loading=\"lazy\" decoding=\"async\" width=\"1024\" height=\"768\" src=\"https:\/\/birgitta.me\/WordPress3\/wp-content\/uploads\/2023\/04\/IMG_1491-1024x768.jpg\" alt=\"\" class=\"wp-image-24329\" srcset=\"https:\/\/birgitta.me\/WordPress3\/wp-content\/uploads\/2023\/04\/IMG_1491-1024x768.jpg 1024w, https:\/\/birgitta.me\/WordPress3\/wp-content\/uploads\/2023\/04\/IMG_1491-300x225.jpg 300w, https:\/\/birgitta.me\/WordPress3\/wp-content\/uploads\/2023\/04\/IMG_1491-768x576.jpg 768w, https:\/\/birgitta.me\/WordPress3\/wp-content\/uploads\/2023\/04\/IMG_1491-1536x1152.jpg 1536w, https:\/\/birgitta.me\/WordPress3\/wp-content\/uploads\/2023\/04\/IMG_1491-2048x1536.jpg 2048w\" sizes=\"auto, (max-width: 1024px) 100vw, 1024px\" \/><\/figure>\n\n\n\n<p>P\u00e4\u00e4dyin t\u00e4nne Bjursi ulkoilualueelle.<\/p>\n\n\n\n<figure class=\"wp-block-image size-large\"><img loading=\"lazy\" decoding=\"async\" width=\"1024\" height=\"768\" src=\"https:\/\/birgitta.me\/WordPress3\/wp-content\/uploads\/2023\/04\/IMG_1492-1024x768.jpg\" alt=\"\" class=\"wp-image-24330\" srcset=\"https:\/\/birgitta.me\/WordPress3\/wp-content\/uploads\/2023\/04\/IMG_1492-1024x768.jpg 1024w, https:\/\/birgitta.me\/WordPress3\/wp-content\/uploads\/2023\/04\/IMG_1492-300x225.jpg 300w, https:\/\/birgitta.me\/WordPress3\/wp-content\/uploads\/2023\/04\/IMG_1492-768x576.jpg 768w, https:\/\/birgitta.me\/WordPress3\/wp-content\/uploads\/2023\/04\/IMG_1492-1536x1152.jpg 1536w, https:\/\/birgitta.me\/WordPress3\/wp-content\/uploads\/2023\/04\/IMG_1492-2048x1536.jpg 2048w\" sizes=\"auto, (max-width: 1024px) 100vw, 1024px\" \/><\/figure>\n\n\n\n<p>T\u00e4\u00e4ll\u00e4 oli paljon matkailuvaunuja mets\u00e4ss\u00e4. K\u00e4vin muutamaa vaunuilijaa jututtamassa. N\u00e4m\u00e4 vasta ovatkin kuin kuivanmaankapteeneita. Tulevat kuulemma joka viikonloppu vaunuun j\u00f6r\u00f6tt\u00e4m\u00e4\u00e4n, on kuulemma niin rauhallista. <\/p>\n\n\n\n<figure class=\"wp-block-image size-full\"><img loading=\"lazy\" decoding=\"async\" width=\"725\" height=\"514\" src=\"https:\/\/birgitta.me\/WordPress3\/wp-content\/uploads\/2023\/04\/Screenshot-2023-04-30-at-20-34-17-Tasmasaa-Tallinna.png\" alt=\"\" class=\"wp-image-24331\" srcset=\"https:\/\/birgitta.me\/WordPress3\/wp-content\/uploads\/2023\/04\/Screenshot-2023-04-30-at-20-34-17-Tasmasaa-Tallinna.png 725w, https:\/\/birgitta.me\/WordPress3\/wp-content\/uploads\/2023\/04\/Screenshot-2023-04-30-at-20-34-17-Tasmasaa-Tallinna-300x213.png 300w\" sizes=\"auto, (max-width: 725px) 100vw, 725px\" \/><\/figure>\n\n\n\n<p>Alan kallistua sille kannalle ett\u00e4 on aika l\u00e4hte\u00e4. L\u00e4mmint\u00e4 lupaavat 10 kraadia ja tuulta meris\u00e4\u00e4 ennustaa 5-9m\/s. Karistan t\u00e4m\u00e4n kantin tomut, on aika l\u00e4hte\u00e4, sillon menn\u00e4\u00e4n eik\u00e4 meinata&#8230;<\/p>\n","protected":false},"excerpt":{"rendered":"<p>Vett\u00e4 sateli ja tuuli rivakasti Tallinnan matalalla n\u00e4ytti tuulia 16m\/s. Ei huvittanut l\u00e4hte\u00e4 veneilem\u00e4\u00e4n. Joten k\u00e4vin v\u00e4h\u00e4n k\u00e4velem\u00e4ss\u00e4, tiet\u00e4my\u00f6ten mutkien taakse. P\u00e4\u00e4dyin t\u00e4nne Bjursi ulkoilualueelle. T\u00e4\u00e4ll\u00e4 oli paljon matkailuvaunuja mets\u00e4ss\u00e4. K\u00e4vin muutamaa vaunuilijaa jututtamassa. N\u00e4m\u00e4 vasta ovatkin kuin kuivanmaankapteeneita. Tulevat &hellip; <a href=\"https:\/\/birgitta.me\/WordPress3\/nyt-saa-vappu-menna\/\">Lue loppuun <span class=\"meta-nav\">&rarr;<\/span><\/a><\/p>\n","protected":false},"author":2,"featured_media":0,"comment_status":"closed","ping_status":"closed","sticky":false,"template":"","format":"standard","meta":{"footnotes":""},"categories":[1],"tags":[],"class_list":["post-24327","post","type-post","status-publish","format-standard","hentry","category-uncategorized"],"_links":{"self":[{"href":"https:\/\/birgitta.me\/WordPress3\/wp-json\/wp\/v2\/posts\/24327","targetHints":{"allow":["GET"]}}],"collection":[{"href":"https:\/\/birgitta.me\/WordPress3\/wp-json\/wp\/v2\/posts"}],"about":[{"href":"https:\/\/birgitta.me\/WordPress3\/wp-json\/wp\/v2\/types\/post"}],"author":[{"embeddable":true,"href":"https:\/\/birgitta.me\/WordPress3\/wp-json\/wp\/v2\/users\/2"}],"replies":[{"embeddable":true,"href":"https:\/\/birgitta.me\/WordPress3\/wp-json\/wp\/v2\/comments?post=24327"}],"version-history":[{"count":1,"href":"https:\/\/birgitta.me\/WordPress3\/wp-json\/wp\/v2\/posts\/24327\/revisions"}],"predecessor-version":[{"id":24332,"href":"https:\/\/birgitta.me\/WordPress3\/wp-json\/wp\/v2\/posts\/24327\/revisions\/24332"}],"wp:attachment":[{"href":"https:\/\/birgitta.me\/WordPress3\/wp-json\/wp\/v2\/media?parent=24327"}],"wp:term":[{"taxonomy":"category","embeddable":true,"href":"https:\/\/birgitta.me\/WordPress3\/wp-json\/wp\/v2\/categories?post=24327"},{"taxonomy":"post_tag","embeddable":true,"href":"https:\/\/birgitta.me\/WordPress3\/wp-json\/wp\/v2\/tags?post=24327"}],"curies":[{"name":"wp","href":"https:\/\/api.w.org\/{rel}","templated":true}]}}