{"id":22104,"date":"2022-05-30T01:31:00","date_gmt":"2022-05-29T22:31:00","guid":{"rendered":"https:\/\/birgitta.me\/WordPress3\/?p=22104"},"modified":"2022-05-29T21:07:54","modified_gmt":"2022-05-29T18:07:54","slug":"kovat-miehet-rattaan-seljassa","status":"publish","type":"post","link":"https:\/\/birgitta.me\/WordPress3\/kovat-miehet-rattaan-seljassa\/","title":{"rendered":"Kovat miehet rattaan selj\u00e4ss\u00e4"},"content":{"rendered":"\n<figure class=\"wp-block-image size-large\"><img loading=\"lazy\" decoding=\"async\" width=\"1024\" height=\"768\" src=\"https:\/\/birgitta.me\/WordPress3\/wp-content\/uploads\/2022\/05\/IMG_9171-1024x768.jpg\" alt=\"\" class=\"wp-image-22098\" srcset=\"https:\/\/birgitta.me\/WordPress3\/wp-content\/uploads\/2022\/05\/IMG_9171-1024x768.jpg 1024w, https:\/\/birgitta.me\/WordPress3\/wp-content\/uploads\/2022\/05\/IMG_9171-300x225.jpg 300w, https:\/\/birgitta.me\/WordPress3\/wp-content\/uploads\/2022\/05\/IMG_9171-768x576.jpg 768w, https:\/\/birgitta.me\/WordPress3\/wp-content\/uploads\/2022\/05\/IMG_9171-1536x1152.jpg 1536w, https:\/\/birgitta.me\/WordPress3\/wp-content\/uploads\/2022\/05\/IMG_9171-2048x1536.jpg 2048w\" sizes=\"auto, (max-width: 1024px) 100vw, 1024px\" \/><\/figure>\n\n\n\n<p>Tartossa oli rattamaraton. Oli sellaisia lyhempi\u00e4kin reittej\u00e4 21km, seuraava 40 ja 89km. Sitten The kovat j\u00e4tk\u00e4t, 122km. Yll\u00e4tt\u00e4v\u00e4n monet tulivat fillarilla kotoaan starttiviivalle. Min\u00e4 en p\u00e4\u00e4ssyt mukaan. Dahon oli Tallinnassa, hyv\u00e4 niin. On edes joku selitys.<\/p>\n\n\n\n<figure class=\"wp-block-image size-large\"><img loading=\"lazy\" decoding=\"async\" width=\"1024\" height=\"768\" src=\"https:\/\/birgitta.me\/WordPress3\/wp-content\/uploads\/2022\/05\/IMG_9172-1024x768.jpg\" alt=\"\" class=\"wp-image-22099\" srcset=\"https:\/\/birgitta.me\/WordPress3\/wp-content\/uploads\/2022\/05\/IMG_9172-1024x768.jpg 1024w, https:\/\/birgitta.me\/WordPress3\/wp-content\/uploads\/2022\/05\/IMG_9172-300x225.jpg 300w, https:\/\/birgitta.me\/WordPress3\/wp-content\/uploads\/2022\/05\/IMG_9172-768x576.jpg 768w, https:\/\/birgitta.me\/WordPress3\/wp-content\/uploads\/2022\/05\/IMG_9172-1536x1152.jpg 1536w, https:\/\/birgitta.me\/WordPress3\/wp-content\/uploads\/2022\/05\/IMG_9172-2048x1536.jpg 2048w\" sizes=\"auto, (max-width: 1024px) 100vw, 1024px\" \/><\/figure>\n\n\n\n<p>Sille 122km matkalle tulivat ensin h\u00e4lytysajoneuvoja. Kiilasivat autot ojaan ett\u00e4 fillarit p\u00e4\u00e4see.<\/p>\n\n\n\n<figure class=\"wp-block-image size-large\"><img loading=\"lazy\" decoding=\"async\" width=\"1024\" height=\"768\" src=\"https:\/\/birgitta.me\/WordPress3\/wp-content\/uploads\/2022\/05\/IMG_9173-1024x768.jpg\" alt=\"\" class=\"wp-image-22100\" srcset=\"https:\/\/birgitta.me\/WordPress3\/wp-content\/uploads\/2022\/05\/IMG_9173-1024x768.jpg 1024w, https:\/\/birgitta.me\/WordPress3\/wp-content\/uploads\/2022\/05\/IMG_9173-300x225.jpg 300w, https:\/\/birgitta.me\/WordPress3\/wp-content\/uploads\/2022\/05\/IMG_9173-768x576.jpg 768w, https:\/\/birgitta.me\/WordPress3\/wp-content\/uploads\/2022\/05\/IMG_9173-1536x1152.jpg 1536w, https:\/\/birgitta.me\/WordPress3\/wp-content\/uploads\/2022\/05\/IMG_9173-2048x1536.jpg 2048w\" sizes=\"auto, (max-width: 1024px) 100vw, 1024px\" \/><\/figure>\n\n\n\n<p>Bmw tuli kyborgit selj\u00e4ss\u00e4. <\/p>\n\n\n\n<figure class=\"wp-block-image size-large\"><img loading=\"lazy\" decoding=\"async\" width=\"1024\" height=\"768\" src=\"https:\/\/birgitta.me\/WordPress3\/wp-content\/uploads\/2022\/05\/IMG_9174-1024x768.jpg\" alt=\"\" class=\"wp-image-22101\" srcset=\"https:\/\/birgitta.me\/WordPress3\/wp-content\/uploads\/2022\/05\/IMG_9174-1024x768.jpg 1024w, https:\/\/birgitta.me\/WordPress3\/wp-content\/uploads\/2022\/05\/IMG_9174-300x225.jpg 300w, https:\/\/birgitta.me\/WordPress3\/wp-content\/uploads\/2022\/05\/IMG_9174-768x576.jpg 768w, https:\/\/birgitta.me\/WordPress3\/wp-content\/uploads\/2022\/05\/IMG_9174-1536x1152.jpg 1536w, https:\/\/birgitta.me\/WordPress3\/wp-content\/uploads\/2022\/05\/IMG_9174-2048x1536.jpg 2048w\" sizes=\"auto, (max-width: 1024px) 100vw, 1024px\" \/><\/figure>\n\n\n\n<p>Sitten kuuma ryhm\u00e4. Siihen p\u00e4\u00e4st\u00e4kseen piti olla etuk\u00e4teen n\u00e4ytt\u00f6j\u00e4, pelk\u00e4t puheet eiv\u00e4t riitt\u00e4neet.  L\u00e4ht\u00f6 oli lent\u00e4v\u00e4, ensin auton takana muutaman kilometri\u00e4, sitten auto kaasutti tiehens\u00e4 ja miehet panivat parastaan. <\/p>\n\n\n\n<figure class=\"wp-block-image size-large\"><img loading=\"lazy\" decoding=\"async\" width=\"1024\" height=\"768\" src=\"https:\/\/birgitta.me\/WordPress3\/wp-content\/uploads\/2022\/05\/IMG_9175-1024x768.jpg\" alt=\"\" class=\"wp-image-22102\" srcset=\"https:\/\/birgitta.me\/WordPress3\/wp-content\/uploads\/2022\/05\/IMG_9175-1024x768.jpg 1024w, https:\/\/birgitta.me\/WordPress3\/wp-content\/uploads\/2022\/05\/IMG_9175-300x225.jpg 300w, https:\/\/birgitta.me\/WordPress3\/wp-content\/uploads\/2022\/05\/IMG_9175-768x576.jpg 768w, https:\/\/birgitta.me\/WordPress3\/wp-content\/uploads\/2022\/05\/IMG_9175-1536x1152.jpg 1536w, https:\/\/birgitta.me\/WordPress3\/wp-content\/uploads\/2022\/05\/IMG_9175-2048x1536.jpg 2048w\" sizes=\"auto, (max-width: 1024px) 100vw, 1024px\" \/><\/figure>\n\n\n\n<p>On ne kovia j\u00e4tki\u00e4, on. Vaatimattomia ovat minun py\u00f6r\u00e4ilyni, puheissani olen kova. N\u00e4m\u00e4 ovat taas aivan p\u00e4invastoin.<\/p>\n\n\n\n<figure class=\"wp-block-image size-full\"><img loading=\"lazy\" decoding=\"async\" width=\"627\" height=\"511\" src=\"https:\/\/birgitta.me\/WordPress3\/wp-content\/uploads\/2022\/05\/Cycloborg.jpg\" alt=\"\" class=\"wp-image-22103\" srcset=\"https:\/\/birgitta.me\/WordPress3\/wp-content\/uploads\/2022\/05\/Cycloborg.jpg 627w, https:\/\/birgitta.me\/WordPress3\/wp-content\/uploads\/2022\/05\/Cycloborg-300x244.jpg 300w\" sizes=\"auto, (max-width: 627px) 100vw, 627px\" \/><\/figure>\n\n\n\n<p>Olen jo aloittanut valmistelut l\u00e4hte\u00e4kseni purjehtimaan. Puheissa ja mieless\u00e4.<\/p>\n","protected":false},"excerpt":{"rendered":"<p>Tartossa oli rattamaraton. Oli sellaisia lyhempi\u00e4kin reittej\u00e4 21km, seuraava 40 ja 89km. Sitten The kovat j\u00e4tk\u00e4t, 122km. Yll\u00e4tt\u00e4v\u00e4n monet tulivat fillarilla kotoaan starttiviivalle. Min\u00e4 en p\u00e4\u00e4ssyt mukaan. Dahon oli Tallinnassa, hyv\u00e4 niin. On edes joku selitys. Sille 122km matkalle tulivat &hellip; <a href=\"https:\/\/birgitta.me\/WordPress3\/kovat-miehet-rattaan-seljassa\/\">Lue loppuun <span class=\"meta-nav\">&rarr;<\/span><\/a><\/p>\n","protected":false},"author":2,"featured_media":0,"comment_status":"closed","ping_status":"closed","sticky":false,"template":"","format":"standard","meta":{"footnotes":""},"categories":[1],"tags":[],"class_list":["post-22104","post","type-post","status-publish","format-standard","hentry","category-uncategorized"],"_links":{"self":[{"href":"https:\/\/birgitta.me\/WordPress3\/wp-json\/wp\/v2\/posts\/22104","targetHints":{"allow":["GET"]}}],"collection":[{"href":"https:\/\/birgitta.me\/WordPress3\/wp-json\/wp\/v2\/posts"}],"about":[{"href":"https:\/\/birgitta.me\/WordPress3\/wp-json\/wp\/v2\/types\/post"}],"author":[{"embeddable":true,"href":"https:\/\/birgitta.me\/WordPress3\/wp-json\/wp\/v2\/users\/2"}],"replies":[{"embeddable":true,"href":"https:\/\/birgitta.me\/WordPress3\/wp-json\/wp\/v2\/comments?post=22104"}],"version-history":[{"count":3,"href":"https:\/\/birgitta.me\/WordPress3\/wp-json\/wp\/v2\/posts\/22104\/revisions"}],"predecessor-version":[{"id":22107,"href":"https:\/\/birgitta.me\/WordPress3\/wp-json\/wp\/v2\/posts\/22104\/revisions\/22107"}],"wp:attachment":[{"href":"https:\/\/birgitta.me\/WordPress3\/wp-json\/wp\/v2\/media?parent=22104"}],"wp:term":[{"taxonomy":"category","embeddable":true,"href":"https:\/\/birgitta.me\/WordPress3\/wp-json\/wp\/v2\/categories?post=22104"},{"taxonomy":"post_tag","embeddable":true,"href":"https:\/\/birgitta.me\/WordPress3\/wp-json\/wp\/v2\/tags?post=22104"}],"curies":[{"name":"wp","href":"https:\/\/api.w.org\/{rel}","templated":true}]}}